{"id":1265,"date":"2020-10-30T15:48:30","date_gmt":"2020-10-30T15:48:30","guid":{"rendered":"http:\/\/dumdumlab.cl\/site\/?p=1265"},"modified":"2020-10-30T15:52:48","modified_gmt":"2020-10-30T15:52:48","slug":"dosier-performa-2017","status":"publish","type":"post","link":"http:\/\/dumdumlab.cl\/site\/dosier-performa-2017\/","title":{"rendered":"DOSIER PERFORMA 2017"},"content":{"rendered":"<p>Este dossier recopila los contenidos presentados por los invitados a la edici\u00f3n 2017 de \u201cPERFORMA: Arquitectura y Tecnolog\u00eda\u201d, ciclo de charlas desarrollado desde el a\u00f1o 2013 que se presenta como una instancia \u00fanica de debate y difusi\u00f3n de conocimientos entorno a las implicancias y avances en las ideas, conceptos, metodolog\u00edas y procesos que las tecnolog\u00edas digitales plantean en el \u00e1rea de la arquitectura y el dise\u00f1o tanto a nivel profesional como acad\u00e9mico.<\/p>\n<p>Dicha edici\u00f3n realizada en Valpara\u00edso -por primera vez fuera de Santiago- incentiv\u00f3 y recondujo la reflexi\u00f3n sobre la repercusi\u00f3n de las tecnolog\u00edas digitales en la arquitectura, dejando atr\u00e1s ingenuas fascinaciones con la exuberancia puramente visual que caracteriz\u00f3 el principio de mileno y centr\u00e1ndose en una cr\u00edtica contempor\u00e1nea sobre los posibles cambios de paradigma que el fen\u00f3meno digital ha introducido en nuestra disciplina. Como una forma de abrir debates significativos, intuimos que la respuesta adecuada ser\u00eda un campo de diferentes m\u00e9todos entrelazados, en lugar de cualquier dogmatismo dominante, raz\u00f3n por la cual se propusieron diferentes frentes argumentales desde donde conducir estas conferencias, para discutir sobre el pasado, presente y futuro tecnol\u00f3gicamente mediado de la disciplina arquitect\u00f3nica.<\/p>\n<p>El evento estuvo entonces organizado a partir de cuatro ejes tem\u00e1ticos planteados como l\u00edneas generales de investigaci\u00f3n que intentaban categorizar los diversos campos de la disciplina y, por implicaci\u00f3n, ofrecer definiciones y puntos de vistas diversos sobre los cuales esclarecer estas inquietudes antes planteadas.<\/p>\n<ol>\n<li>Arquitectura y tecnolog\u00eda desde la Teor\u00eda y Cr\u00edtica: debate centrado desde el supuesto que el impacto de la digitalizaci\u00f3n sobre la arquitectura no ha sido solo instrumental, sino que constituye un nuevo marco te\u00f3rico desde donde poder pensar y proyectar.<\/li>\n<li>Arquitectura y tecnolog\u00eda desde la Academia: presentaci\u00f3n de diferentes modelos educativos en Chile que entienden la arquitectura y dise\u00f1o como una disciplina creativa contempor\u00e1nea.<\/li>\n<li>Arquitectura y tecnolog\u00eda desde la Investigaci\u00f3n: jornada a cargo de autores que, con la propia evoluci\u00f3n de su trabajo investigativo, han reconocido y demostrado que la tecnolog\u00eda ha producido un impacto productivo en la disciplina.<\/li>\n<li>Arquitectura y tecnolog\u00eda desde la Pr\u00e1ctica: experiencias de profesionales que incorporan el uso de alta tecnolog\u00eda como centro de su \u00e1mbito de desarrollo disciplinar.<\/li>\n<\/ol>\n<p>La publicaci\u00f3n mantuvo este mismo orden con la intenci\u00f3n de que sea tambi\u00e9n un medio de debate incluso una vez terminado el evento, presentando las distintas posturas o argumentos de los autores en un formato que no solo propicia una lectura lineal -la misma del evento-, sino tambi\u00e9n una revisi\u00f3n transversal de los contenidos propia \u00fanicamente del dossier que permita profundizar y complejizar el debate sobre las implicancias contempor\u00e1neas del dise\u00f1o post-digital en la arquitectura.<\/p>\n<p>&nbsp;<\/p>\n<p><a href=\"http:\/\/simposioperforma.cl\/site\/wp-content\/uploads\/2020\/10\/PERFORMA_Dossier-Digital_.pdf\">DOSSIER PERFORMA 2017<\/a><\/p>\n<p>&nbsp;<\/p>\n","protected":false},"excerpt":{"rendered":"<p>Este dossier recopila los contenidos presentados por los invitados a la edici\u00f3n 2017 de \u201cPERFORMA: Arquitectura y Tecnolog\u00eda\u201d, ciclo de charlas desarrollado desde el a\u00f1o 2013 que se presenta como una instancia \u00fanica de debate y difusi\u00f3n de conocimientos entorno a las implicancias y avances en las ideas, conceptos, metodolog\u00edas y procesos que las tecnolog\u00edas [&hellip;]<\/p>\n","protected":false},"author":2,"featured_media":1266,"comment_status":"closed","ping_status":"open","sticky":false,"template":"","format":"standard","meta":{"footnotes":""},"categories":[15,13],"tags":[16,14],"class_list":["post-1265","post","type-post","status-publish","format-standard","has-post-thumbnail","hentry","category-performa","category-publicaciones","tag-performa","tag-publicaciones"],"_links":{"self":[{"href":"http:\/\/dumdumlab.cl\/site\/wp-json\/wp\/v2\/posts\/1265","targetHints":{"allow":["GET"]}}],"collection":[{"href":"http:\/\/dumdumlab.cl\/site\/wp-json\/wp\/v2\/posts"}],"about":[{"href":"http:\/\/dumdumlab.cl\/site\/wp-json\/wp\/v2\/types\/post"}],"author":[{"embeddable":true,"href":"http:\/\/dumdumlab.cl\/site\/wp-json\/wp\/v2\/users\/2"}],"replies":[{"embeddable":true,"href":"http:\/\/dumdumlab.cl\/site\/wp-json\/wp\/v2\/comments?post=1265"}],"version-history":[{"count":3,"href":"http:\/\/dumdumlab.cl\/site\/wp-json\/wp\/v2\/posts\/1265\/revisions"}],"predecessor-version":[{"id":1279,"href":"http:\/\/dumdumlab.cl\/site\/wp-json\/wp\/v2\/posts\/1265\/revisions\/1279"}],"wp:featuredmedia":[{"embeddable":true,"href":"http:\/\/dumdumlab.cl\/site\/wp-json\/wp\/v2\/media\/1266"}],"wp:attachment":[{"href":"http:\/\/dumdumlab.cl\/site\/wp-json\/wp\/v2\/media?parent=1265"}],"wp:term":[{"taxonomy":"category","embeddable":true,"href":"http:\/\/dumdumlab.cl\/site\/wp-json\/wp\/v2\/categories?post=1265"},{"taxonomy":"post_tag","embeddable":true,"href":"http:\/\/dumdumlab.cl\/site\/wp-json\/wp\/v2\/tags?post=1265"}],"curies":[{"name":"wp","href":"https:\/\/api.w.org\/{rel}","templated":true}]}}